{"id":4879,"date":"2024-07-07T12:17:58","date_gmt":"2024-07-07T10:17:58","guid":{"rendered":"https:\/\/ensemble-phoenix.ch\/in-memoriam-peter-eoetvoes\/"},"modified":"2025-04-06T15:04:56","modified_gmt":"2025-04-06T13:04:56","slug":"in-memoriam-peter-eoetvoes","status":"publish","type":"post","link":"https:\/\/ensemble-phoenix.ch\/en\/in-memoriam-peter-eoetvoes\/","title":{"rendered":"&#8220;In Memoriam P\u00e9ter E\u00f6tv\u00f6s&#8221;"},"content":{"rendered":"<p>In Memoriam P\u00e9ter E\u00f6tv\u00f6s (2.1.1944\u201324.3.2024)<\/p>\n<p>The Hungarian composer and conductor P\u00e9ter E\u00f6tv\u00f6s is considered one of the central figures of contemporary music. E\u00f6tv\u00f6s studied at the Franz Liszt Academy of Music in Budapest and had a major influence as a conductor of leading orchestras and ensembles.<br \/>\nE\u00f6tv\u00f6s&#8217; compositions are characterised by a precise structure and complex rhythmic and tonal textures. In &#8220;The Sequences of the Wind&#8221;, E\u00f6tv\u00f6s illustrates eight different types of wind \u2013 from calm to whirlwind. In &#8220;Brass \u2013 The Metal Space&#8221;, the concert hall is explored acoustically in a theatrical way. On the occasion of his unexpected death in spring 2024, Ensemble Phoenix Basel is organising a memorial concert with three ensemble works written by E\u00f6tv\u00f6s over a period of 32 years.<br \/>\nOur guest conductor is the Hungarian composer, clarinettist and conductor Gregory Vajda, programme director of the P\u00e9ter E\u00f6tv\u00f6s Contemporary Music Foundation in Budapest since 2018.<\/p>\n<p>P\u00e9ter E\u00f6tv\u00f6s:<\/p>\n<p>&#8220;Octet&#8221; (in memoriam Karlheinz Stockhausen) for flute, clarinet, 2 bassoons, 2 trumpets and 2 trombones (2007)<br \/>\ndedicated to the Reina Sofia School of Music<\/p>\n<p>&#8220;Brass \u2013 The Metal Space&#8221; action piece for seven brass players (2 horns, 2 trumpets, 2 trombones and tuba) and 2 percussionists without conductor (1990)<\/p>\n<p>&#8220;Windsequenzen \u2013 The Sequences of the Wind&#8221; for flute solo, 4 woodwinds, tuba, double bass, bass drum, accordion and wind imitation (1975\u20132002)<br \/>\n1. \u00a0 \u00a0Windless I<br \/>\n2. \u00a0 Three Sequences of the Mountain Wind<br \/>\n3. \u00a0 Seven Sequences of the Whirlwind<br \/>\n4. \u00a0 Sequence of the Morning Breeze<br \/>\n5. \u00a0 Four Sequences of the Sea Wind \u2013 North Wind<br \/>\n6. \u00a0 Four Sequences of the Sea Wind \u2013 South Wind<br \/>\n7. \u00a0 Four Sequences of the Sea Wind \u2013 East \u2013 West Wind<br \/>\n8. \u00a0 Windless II<\/p>\n","protected":false},"excerpt":{"rendered":"<p>In Memoriam P\u00e9ter E\u00f6tv\u00f6s (2.1.1944\u201324.3.2024) The Hungarian composer and conductor P\u00e9ter E\u00f6tv\u00f6s is considered one of the central figures of contemporary music. E\u00f6tv\u00f6s studied at the Franz Liszt Academy of Music in Budapest and had a major influence as a conductor of leading orchestras and ensembles. E\u00f6tv\u00f6s&#8217; compositions are characterised by a precise structure and [&hellip;]<\/p>\n","protected":false},"author":5,"featured_media":0,"comment_status":"closed","ping_status":"closed","sticky":false,"template":"","format":"standard","meta":{"_acf_changed":false,"footnotes":""},"categories":[170],"tags":[],"class_list":["post-4879","post","type-post","status-publish","format-standard","hentry","category-phoenix-en","location-gare-du-nord-en"],"acf":[],"_links":{"self":[{"href":"https:\/\/ensemble-phoenix.ch\/en\/wp-json\/wp\/v2\/posts\/4879","targetHints":{"allow":["GET"]}}],"collection":[{"href":"https:\/\/ensemble-phoenix.ch\/en\/wp-json\/wp\/v2\/posts"}],"about":[{"href":"https:\/\/ensemble-phoenix.ch\/en\/wp-json\/wp\/v2\/types\/post"}],"author":[{"embeddable":true,"href":"https:\/\/ensemble-phoenix.ch\/en\/wp-json\/wp\/v2\/users\/5"}],"replies":[{"embeddable":true,"href":"https:\/\/ensemble-phoenix.ch\/en\/wp-json\/wp\/v2\/comments?post=4879"}],"version-history":[{"count":21,"href":"https:\/\/ensemble-phoenix.ch\/en\/wp-json\/wp\/v2\/posts\/4879\/revisions"}],"predecessor-version":[{"id":6132,"href":"https:\/\/ensemble-phoenix.ch\/en\/wp-json\/wp\/v2\/posts\/4879\/revisions\/6132"}],"wp:attachment":[{"href":"https:\/\/ensemble-phoenix.ch\/en\/wp-json\/wp\/v2\/media?parent=4879"}],"wp:term":[{"taxonomy":"category","embeddable":true,"href":"https:\/\/ensemble-phoenix.ch\/en\/wp-json\/wp\/v2\/categories?post=4879"},{"taxonomy":"post_tag","embeddable":true,"href":"https:\/\/ensemble-phoenix.ch\/en\/wp-json\/wp\/v2\/tags?post=4879"}],"curies":[{"name":"wp","href":"https:\/\/api.w.org\/{rel}","templated":true}]}}